{"id":2889,"date":"2024-01-05T09:30:30","date_gmt":"2024-01-05T08:30:30","guid":{"rendered":"https:\/\/sjolinsgymnasium.se\/goteborg\/?post_type=article&#038;p=2889"},"modified":"2024-01-19T09:18:59","modified_gmt":"2024-01-19T08:18:59","slug":"antagningen-har-oppnat","status":"publish","type":"article","link":"https:\/\/sjolinsgymnasium.se\/goteborg\/nyheter\/antagningen-har-oppnat\/","title":{"rendered":"Antagningen har \u00f6ppnat!"},"content":{"rendered":"\n<div class=\"wp-block-columns is-layout-flex wp-container-core-columns-layout-1 wp-block-columns-is-layout-flex\">\n<div class=\"wp-block-column is-layout-flow wp-block-column-is-layout-flow\" style=\"flex-basis:5%\"><\/div>\n\n\n\n<div class=\"wp-block-column is-layout-flow wp-block-column-is-layout-flow\" style=\"flex-basis:90%\"><\/div>\n\n\n\n<div class=\"wp-block-column is-layout-flow wp-block-column-is-layout-flow\" style=\"flex-basis:5%\"><\/div>\n<\/div>\n\n\n\n<div class=\"wp-block-columns is-layout-flex wp-container-core-columns-layout-2 wp-block-columns-is-layout-flex\">\n<div class=\"wp-block-column is-layout-flow wp-block-column-is-layout-flow\" style=\"flex-basis:15%\"><\/div>\n\n\n\n<div class=\"wp-block-column is-layout-flow wp-block-column-is-layout-flow\" style=\"flex-basis:70%\">\t<div\n\t\t class=\"container images-module\" >\n\t\t<div class=\"row\">\n\t\t\t<div\n\t\t\t\t\tclass=\"col-12 p-0 position-relative images_module__slideshow images_module__slideshow-container \">\n\t\t\t\t<div class=\"images_module__slide\" data-slide=\"\"\n\t\t\t\t\t data-duration=\"\"><\/div>\n\t\t\t\t\t\t\t\t\t<div\n\t\t\t\t\t\t class=\"images_module__slides \">\n\n\n\t\t\t\t\t\t<div class=\"images__wrapper\" style=\"aspect-ratio: 1200 \/ 531;\">\n\t\t\t\t\t\t\t<img decoding=\"async\" width=\"2560\" height=\"1708\" src=\"https:\/\/sjolinsgymnasium.se\/wp-content\/uploads\/sites\/3\/2023\/07\/i0a2149.jpg\" class=\"images__image_ratio  \" alt=\"Flera elever med sina datorer i skolans gemensamma lokaler\" style=\"aspect-ratio: 1200 \/ 531;object-position: center center;\" srcset=\"https:\/\/sjolinsgymnasium.se\/wp-content\/uploads\/sites\/3\/2023\/07\/i0a2149.jpg 2560w, https:\/\/sjolinsgymnasium.se\/wp-content\/uploads\/sites\/3\/2023\/07\/i0a2149-300x200.jpg 300w, https:\/\/sjolinsgymnasium.se\/wp-content\/uploads\/sites\/3\/2023\/07\/i0a2149-400x267.jpg 400w, https:\/\/sjolinsgymnasium.se\/wp-content\/uploads\/sites\/3\/2023\/07\/i0a2149-600x400.jpg 600w, https:\/\/sjolinsgymnasium.se\/wp-content\/uploads\/sites\/3\/2023\/07\/i0a2149-800x534.jpg 800w, https:\/\/sjolinsgymnasium.se\/wp-content\/uploads\/sites\/3\/2023\/07\/i0a2149-1024x683.jpg 1024w, https:\/\/sjolinsgymnasium.se\/wp-content\/uploads\/sites\/3\/2023\/07\/i0a2149-1200x801.jpg 1200w\" sizes=\"(max-width: 2560px) 100vw, 2560px\" \/>\t\t\t\t\t\t<\/div>\n\n\t\t\t\t\t\t\n\n\t\t\t\t\t\t\t\t\t\t\t<\/div>\n\t\t\t\t\n\t\t\t\t<div class=\"images_module__container_dot\">\n\t\t\t\t\t<div style=\"text-align:center\">\n\t\t\t\t\t\t\t\t\t\t\t\t\t<span   data-i=\"0\"\n\t\t\t\t\t\t\t\t  class=\"\n\t\t\t\t\t\t\timages_module__dot\n\t\t\t\t\t\t\t\t\t\t\t\t\t\t\"\n\t\t\t\t\t\t\t><\/span>\n\t\t\t\t\t\t\t\t\t\t\t<\/div>\n\t\t\t\t<\/div>\n\n\t\t\t<\/div>\n\t\t<\/div>\n\t<\/div>\n\t\n\n\n<script>\n\tvar images_display_descriptive_text = \"\";\n<\/script>\n\n\n\n<h1 class=\"wp-block-heading\"><strong>Antagningen har \u00f6ppnat f\u00f6r elever!<\/strong><\/h1>\n\n\n\n<p   class=\"site__ingress container text-left  site__text-color--dark  site__free_text--ingress p-0\">\n\tGymnasieantagningen har \u00f6ppnat i din kommun! Har du redan best\u00e4mt dig vad du ska s\u00f6ka? Klicka p\u00e5 knappen nedan s\u00e5 kommer du direkt till antagningswebben.<\/p>\n\n\n\n\n\n<p>F\u00f6r att s\u00f6ka till Sj\u00f6lins Gymnasium G\u00f6teborg g\u00e5r du in p\u00e5 antagningswebben och g\u00f6r din ans\u00f6kan senast 1 februari 2024. D\u00e4r hittar du ytterligare information om hur ans\u00f6kningsprocessen g\u00e5r till och viktiga datum kopplat till gymnasievalet.&nbsp;<\/p>\n\n\n\n<p>N\u00e5got som utm\u00e4rker Sj\u00f6lins Gymnasium \u00e4r den casemetodik som ligger till grund f\u00f6r utbildningen. Vill du l\u00e4ra dig mer om vad casemetodik \u00e4r och hur vi p\u00e5 Sj\u00f6lins Gymnasium anv\u00e4nder den i undervisningen? Klicka p\u00e5 knappen nedan f\u00f6r att l\u00e4ra dig mer om case i undervisningen <meta charset=\"utf-8\">? <\/p>\n\n\n\n\n<section  class=\"ams-cta ams-cta--stacked c-block l-stacked\" data-color-scheme=\"kort-vit-bakgrund\">\n\t<div class=\"l-container l-stack l-stack-fluid-2xl u-pt-fluid-md-xl u-pb-fluid-md-xl is-center is-center@md\">\n\t\t\n\t\t\n\t\t\t<div class=\"ams-cta__action u-inline-items\">\n\t\t\t\t\t\t\t\n\n\n<a href=\"https:\/\/indra2.se\/\"\n\t\n\tclass=\"c-btn \"\n\tdata-style=\"round\"\n\tdata-size=\"md\"\n\tdata-width=\"full-mobile\"\n\tdata-variant=\"default\"\n\ttarget=\"_blank\">\n\t\t\t<span class=\"label\"> Till ans\u00f6kningswebben<\/span>\n\t\t\t<\/a>\n\t\t\t\t\t\t\t\n\n\n<a href=\"https:\/\/sjolinsgymnasium.se\/goteborg\/studera-pa-sjolins\/\"\n\t\n\tclass=\"c-btn \"\n\tdata-style=\"round\"\n\tdata-size=\"md\"\n\tdata-width=\"full-mobile\"\n\tdata-variant=\"outline\"\n\ttarget=\"_self\">\n\t\t\t<span class=\"label\"> Om casemetodik<\/span>\n\t\t\t<\/a>\n\t\t\t<\/div>\n\t<\/div>\n\n\t\t\n\n<\/section>\n<\/div>\n\n\n\n<div class=\"wp-block-column is-layout-flow wp-block-column-is-layout-flow\" style=\"flex-basis:15%\"><\/div>\n<\/div>\n\n\n\n\n\n<section  class=\"ams-article c-block l-stacked js-load-more\" data-color-scheme=\"kort-beige-bakgrund\" data-count=\"3\" data-count-mobile=\"3\">\n\t<div class=\"l-container l-stack l-stack-fluid-2xl u-pt-fluid-3xl-6xl u-pb-fluid-3xl-6xl is-center is-center@md\">\n\t\t\t\t\t<div class=\"ams-article__intro l-stack l-stack-lg\">\n\t\t\t\t\t\n\t<h2\n\tclass=\"c-heading u-font-title-1 \"\n\tstyle=\"\">\n\t\t\n\t\t\t\t\tNyheter\n\t\t\t\t\n\t<\/h2>\n\n\t\t\t\t\t\t\t<\/div>\n\t\t\n\t\t\t\n\t    \n\t\n\t<ul id=\"ams-article-list-69f3688d79bc5\" class=\"ams-article__list l-grid u-gap-2xl u-justify-center js-results \" aria-label=\"Artiklar\" data-filter-animation=\"off\">\n\t\t\t\t\t\t\t\t\t\t\t\t\t\t\t\t\t\n\t\t\t\n\t\t\t\n\t\t\t<li class=\"l-col-6@md l-col-4@lg \" data-filter=\"lararintervjuer nyheter februari-2026\">\n\t\t\t\t<article class=\"c-card  has-media-zoom  \" data-variant=\"border\" data-style=\"square\" data-click-area>\n\t\t\t\t\t<div class=\"c-card__content l-stack l-stack-sm\">\n\n\t\t\t\t\t\t\t\t\t\t\t\t\t<time class=\"c-card__date u-font-small\" datetime=\"2026-02-16\">16 februari 2026<\/time>\n\t\t\t\t\t\t\n\t\t\t\t\t\t\t\t\t\t\t\t\t<h3 class=\"c-card__title u-font-title-3\">\n\t\t\t\t\t\t\t\t\t\t\t\t\t\t\t\t\t<a class=\"c-card__link\" href=\"https:\/\/sjolinsgymnasium.se\/goteborg\/nyheter\/lokal\/mot-var-larare-nadja\">\n\t\t\t\t\t\t\t\t\t\tM\u00f6t v\u00e5r l\u00e4rare Nadja \n\t\t\t\t\t\t\t\t\t<\/a>\n\t\t\t\t\t\t\t\t\t\t\t\t\t\t\t<\/h3>\n\t\t\t\t\t\t\n\t\t\t\t\t\t\t\t\t\t\t\t\t<p class=\"c-card__text l-stack-xs u-font-body\">\n\t\t\t\t\t\t\t\tHur \u00e4r det att jobba p\u00e5 Sj\u00f6lins? I den h\u00e4r intervjun ber\u00e4ttar Nadja om vad hon tycker \u00e4r det viktigaste i rollen som l\u00e4rare. \n\t\t\t\t\t\t\t<\/p>\n\t\t\t\t\t\t\n\t\t\t\t\t\t\t\t\t\t\t\t\t<ul class=\"c-card__tags l-stack-grow u-list-none u-pt-md\" aria-label=\"Kategorier\">\n\t\t\t\t\t\t\t\t\t\t\t\t\t\t\t\t\t<li><span class=\"c-tag\" data-variant=\"outline\">L\u00e4rarintervjuer<\/span><\/li>\n\t\t\t\t\t\t\t\t\t\t\t\t\t\t\t\t\t<li><span class=\"c-tag\" data-variant=\"outline\">Nyheter<\/span><\/li>\n\t\t\t\t\t\t\t\t\t\t\t\t\t\t\t<\/ul>\n\t\t\t\t\t\t\n\t\t\t\t\t\t<div class=\"c-card__icon\">\n\t\t\t\t\t\t\t\t\t\t\t\t\t\t<svg class=\"ams-icon ams-icon--arrow-right\" width=\"32\" height=\"32\" viewbox=\"0 0 32 32\" fill=\"currentColor\" aria-hidden=\"true\" xmlns=\"http:\/\/www.w3.org\/2000\/svg\">\n\t\t\t\t\t\t\t\t\t\t\t\t\t\t\t\t<path d=\"M15.4617 0.252159L14.9567 0.75931C14.6219 1.09545 14.6219 1.64048 14.9567 1.97669L27.7062 14.7806H0.857144C0.383786 14.7806 0 15.166 0 15.6414V16.3587C0 16.8341 0.383786 17.2195 0.857144 17.2195H27.7062L14.9567 30.0234C14.6219 30.3595 14.6219 30.9045 14.9567 31.2407L15.4617 31.7479C15.7964 32.084 16.3392 32.084 16.6739 31.7479L31.749 16.6087C32.0837 16.2725 32.0837 15.7275 31.749 15.3913L16.6739 0.252159C16.3392 -0.084053 15.7964 -0.084053 15.4617 0.252159Z\"\/>\n\t\t\t\t\t\t\t\n\t\t\t\t\t\t\t<\/svg>\n\t\t\t\t\t\t<\/div>\n\t\t\t\t\t<\/div>\n\n\t\t\t\t\t<div class=\"c-card__media \" style=\" \">\n\t\t\t\t\t\t<img decoding=\"async\" width=\"400\" height=\"475\" src=\"https:\/\/sjolinsgymnasium.se\/wp-content\/uploads\/2026\/01\/sjogbg202405-202905trycksjolins0276-1-scaled-e1769768459199-400x475.jpg\" class=\"attachment-sm size-sm\" alt=\"L\u00e4rare Nadja p\u00e5 Sj\u00f6lins G\u00f6teborg.\" sizes=\"(min-width: 64em) 300px, (min-width: 48em) calc(.50 * (100vw - 224px)), calc(100vw - 160px)\" srcset=\"https:\/\/sjolinsgymnasium.se\/wp-content\/uploads\/2026\/01\/sjogbg202405-202905trycksjolins0276-1-scaled-e1769768459199-400x475.jpg 400w, https:\/\/sjolinsgymnasium.se\/wp-content\/uploads\/2026\/01\/sjogbg202405-202905trycksjolins0276-1-scaled-e1769768459199-300x356.jpg 300w, https:\/\/sjolinsgymnasium.se\/wp-content\/uploads\/2026\/01\/sjogbg202405-202905trycksjolins0276-1-scaled-e1769768459199-600x713.jpg 600w, https:\/\/sjolinsgymnasium.se\/wp-content\/uploads\/2026\/01\/sjogbg202405-202905trycksjolins0276-1-scaled-e1769768459199-800x950.jpg 800w, https:\/\/sjolinsgymnasium.se\/wp-content\/uploads\/2026\/01\/sjogbg202405-202905trycksjolins0276-1-scaled-e1769768459199-1024x1216.jpg 1024w, https:\/\/sjolinsgymnasium.se\/wp-content\/uploads\/2026\/01\/sjogbg202405-202905trycksjolins0276-1-scaled-e1769768459199-1200x1425.jpg 1200w, https:\/\/sjolinsgymnasium.se\/wp-content\/uploads\/2026\/01\/sjogbg202405-202905trycksjolins0276-1-scaled-e1769768459199.jpg 1706w\" \/>\n\t\t\t\t\t<\/div>\n\t\t\t\t<\/article>\n\t\t\t<\/li>\n\t\t\t\t\t\t\t\t\t\t\t\t\t\t\t\t\t\n\t\t\t\n\t\t\t\n\t\t\t<li class=\"l-col-6@md l-col-4@lg \" data-filter=\"nyheter september-2025\">\n\t\t\t\t<article class=\"c-card  has-media-zoom  \" data-variant=\"border\" data-style=\"square\" data-click-area>\n\t\t\t\t\t<div class=\"c-card__content l-stack l-stack-sm\">\n\n\t\t\t\t\t\t\t\t\t\t\t\t\t<time class=\"c-card__date u-font-small\" datetime=\"2025-09-03\">3 september 2025<\/time>\n\t\t\t\t\t\t\n\t\t\t\t\t\t\t\t\t\t\t\t\t<h3 class=\"c-card__title u-font-title-3\">\n\t\t\t\t\t\t\t\t\t\t\t\t\t\t\t\t\t<a class=\"c-card__link\" href=\"https:\/\/sjolinsgymnasium.se\/goteborg\/nyheter\/lokal\/studentmossa-till-basta-pris\">\n\t\t\t\t\t\t\t\t\t\tStudentm\u00f6ssa till b\u00e4sta pris\n\t\t\t\t\t\t\t\t\t<\/a>\n\t\t\t\t\t\t\t\t\t\t\t\t\t\t\t<\/h3>\n\t\t\t\t\t\t\n\t\t\t\t\t\t\t\t\t\t\t\t\t<p class=\"c-card__text l-stack-xs u-font-body\">\n\t\t\t\t\t\t\t\tNu kan du som g\u00e5r p\u00e5 en gymnasieskola som tillh\u00f6r AcadeMedia k\u00f6pa din studentm\u00f6ssa till ett extra f\u00f6rm\u00e5nligt pris inf\u00f6r studenten 2026.\u00a0\n\t\t\t\t\t\t\t<\/p>\n\t\t\t\t\t\t\n\t\t\t\t\t\t\t\t\t\t\t\t\t<ul class=\"c-card__tags l-stack-grow u-list-none u-pt-md\" aria-label=\"Kategorier\">\n\t\t\t\t\t\t\t\t\t\t\t\t\t\t\t\t\t<li><span class=\"c-tag\" data-variant=\"outline\">Nyheter<\/span><\/li>\n\t\t\t\t\t\t\t\t\t\t\t\t\t\t\t<\/ul>\n\t\t\t\t\t\t\n\t\t\t\t\t\t<div class=\"c-card__icon\">\n\t\t\t\t\t\t\t\t\t\t\t\t\t\t<svg class=\"ams-icon ams-icon--arrow-right\" width=\"32\" height=\"32\" viewbox=\"0 0 32 32\" fill=\"currentColor\" aria-hidden=\"true\" xmlns=\"http:\/\/www.w3.org\/2000\/svg\">\n\t\t\t\t\t\t\t\t\t\t\t\t\t\t\t\t<path d=\"M15.4617 0.252159L14.9567 0.75931C14.6219 1.09545 14.6219 1.64048 14.9567 1.97669L27.7062 14.7806H0.857144C0.383786 14.7806 0 15.166 0 15.6414V16.3587C0 16.8341 0.383786 17.2195 0.857144 17.2195H27.7062L14.9567 30.0234C14.6219 30.3595 14.6219 30.9045 14.9567 31.2407L15.4617 31.7479C15.7964 32.084 16.3392 32.084 16.6739 31.7479L31.749 16.6087C32.0837 16.2725 32.0837 15.7275 31.749 15.3913L16.6739 0.252159C16.3392 -0.084053 15.7964 -0.084053 15.4617 0.252159Z\"\/>\n\t\t\t\t\t\t\t\n\t\t\t\t\t\t\t<\/svg>\n\t\t\t\t\t\t<\/div>\n\t\t\t\t\t<\/div>\n\n\t\t\t\t\t<div class=\"c-card__media \" style=\" \">\n\t\t\t\t\t\t<img decoding=\"async\" width=\"400\" height=\"267\" src=\"https:\/\/sjolinsgymnasium.se\/wp-content\/uploads\/2025\/09\/procivitas-student-2019-014-webb-400x267.jpg\" class=\"attachment-sm size-sm\" alt=\"En elev med studentm\u00f6ssa p\u00e5 sig.\" sizes=\"(min-width: 64em) 300px, (min-width: 48em) calc(.50 * (100vw - 224px)), calc(100vw - 160px)\" srcset=\"https:\/\/sjolinsgymnasium.se\/wp-content\/uploads\/2025\/09\/procivitas-student-2019-014-webb-400x267.jpg 400w, https:\/\/sjolinsgymnasium.se\/wp-content\/uploads\/2025\/09\/procivitas-student-2019-014-webb-300x200.jpg 300w, https:\/\/sjolinsgymnasium.se\/wp-content\/uploads\/2025\/09\/procivitas-student-2019-014-webb-600x400.jpg 600w, https:\/\/sjolinsgymnasium.se\/wp-content\/uploads\/2025\/09\/procivitas-student-2019-014-webb-800x533.jpg 800w, https:\/\/sjolinsgymnasium.se\/wp-content\/uploads\/2025\/09\/procivitas-student-2019-014-webb-1024x682.jpg 1024w, https:\/\/sjolinsgymnasium.se\/wp-content\/uploads\/2025\/09\/procivitas-student-2019-014-webb-1200x800.jpg 1200w, https:\/\/sjolinsgymnasium.se\/wp-content\/uploads\/2025\/09\/procivitas-student-2019-014-webb.jpg 2000w\" \/>\n\t\t\t\t\t<\/div>\n\t\t\t\t<\/article>\n\t\t\t<\/li>\n\t\t\t\t\t\t\t\t\t\t\t\t\t\t\t\t\t\n\t\t\t\n\t\t\t\n\t\t\t<li class=\"l-col-6@md l-col-4@lg \" data-filter=\"nyheter augusti-2025\">\n\t\t\t\t<article class=\"c-card  has-media-zoom  \" data-variant=\"border\" data-style=\"square\" data-click-area>\n\t\t\t\t\t<div class=\"c-card__content l-stack l-stack-sm\">\n\n\t\t\t\t\t\t\t\t\t\t\t\t\t<time class=\"c-card__date u-font-small\" datetime=\"2025-08-22\">22 augusti 2025<\/time>\n\t\t\t\t\t\t\n\t\t\t\t\t\t\t\t\t\t\t\t\t<h3 class=\"c-card__title u-font-title-3\">\n\t\t\t\t\t\t\t\t\t\t\t\t\t\t\t\t\t<a class=\"c-card__link\" href=\"https:\/\/sjolinsgymnasium.se\/goteborg\/nyheter\/lokal\/samarbete-for-att-lyfta-hogpresterande-elever\">\n\t\t\t\t\t\t\t\t\t\tSamarbete f\u00f6r att lyfta h\u00f6gpresterande elever\n\t\t\t\t\t\t\t\t\t<\/a>\n\t\t\t\t\t\t\t\t\t\t\t\t\t\t\t<\/h3>\n\t\t\t\t\t\t\n\t\t\t\t\t\t\t\t\t\t\t\t\t<p class=\"c-card__text l-stack-xs u-font-body\">\n\t\t\t\t\t\t\t\tHur identifierar vi de elever som har f\u00f6rm\u00e5gan att n\u00e5 l\u00e4ngre &#8211; och hur kan skolan skapa en milj\u00f6 d\u00e4r \u00e4ven de allra mest h\u00f6gpresterande eleverna f\u00e5r utmaningar som utvecklar dem?\n\t\t\t\t\t\t\t<\/p>\n\t\t\t\t\t\t\n\t\t\t\t\t\t\t\t\t\t\t\t\t<ul class=\"c-card__tags l-stack-grow u-list-none u-pt-md\" aria-label=\"Kategorier\">\n\t\t\t\t\t\t\t\t\t\t\t\t\t\t\t\t\t<li><span class=\"c-tag\" data-variant=\"outline\">Nyheter<\/span><\/li>\n\t\t\t\t\t\t\t\t\t\t\t\t\t\t\t<\/ul>\n\t\t\t\t\t\t\n\t\t\t\t\t\t<div class=\"c-card__icon\">\n\t\t\t\t\t\t\t\t\t\t\t\t\t\t<svg class=\"ams-icon ams-icon--arrow-right\" width=\"32\" height=\"32\" viewbox=\"0 0 32 32\" fill=\"currentColor\" aria-hidden=\"true\" xmlns=\"http:\/\/www.w3.org\/2000\/svg\">\n\t\t\t\t\t\t\t\t\t\t\t\t\t\t\t\t<path d=\"M15.4617 0.252159L14.9567 0.75931C14.6219 1.09545 14.6219 1.64048 14.9567 1.97669L27.7062 14.7806H0.857144C0.383786 14.7806 0 15.166 0 15.6414V16.3587C0 16.8341 0.383786 17.2195 0.857144 17.2195H27.7062L14.9567 30.0234C14.6219 30.3595 14.6219 30.9045 14.9567 31.2407L15.4617 31.7479C15.7964 32.084 16.3392 32.084 16.6739 31.7479L31.749 16.6087C32.0837 16.2725 32.0837 15.7275 31.749 15.3913L16.6739 0.252159C16.3392 -0.084053 15.7964 -0.084053 15.4617 0.252159Z\"\/>\n\t\t\t\t\t\t\t\n\t\t\t\t\t\t\t<\/svg>\n\t\t\t\t\t\t<\/div>\n\t\t\t\t\t<\/div>\n\n\t\t\t\t\t<div class=\"c-card__media \" style=\" \">\n\t\t\t\t\t\t<img decoding=\"async\" width=\"400\" height=\"300\" src=\"https:\/\/sjolinsgymnasium.se\/wp-content\/uploads\/2025\/08\/educating-talentsmoana-400x300.jpg\" class=\"attachment-sm size-sm\" alt=\"Moana Widell, internationaliseringsstrateg AcadeMedia, inleder Erasmuskonferensen Educating Talents i Stockholm.\" sizes=\"(min-width: 64em) 300px, (min-width: 48em) calc(.50 * (100vw - 224px)), calc(100vw - 160px)\" srcset=\"https:\/\/sjolinsgymnasium.se\/wp-content\/uploads\/2025\/08\/educating-talentsmoana-400x300.jpg 400w, https:\/\/sjolinsgymnasium.se\/wp-content\/uploads\/2025\/08\/educating-talentsmoana-300x225.jpg 300w, https:\/\/sjolinsgymnasium.se\/wp-content\/uploads\/2025\/08\/educating-talentsmoana-600x450.jpg 600w, https:\/\/sjolinsgymnasium.se\/wp-content\/uploads\/2025\/08\/educating-talentsmoana-800x600.jpg 800w, https:\/\/sjolinsgymnasium.se\/wp-content\/uploads\/2025\/08\/educating-talentsmoana-768x576.jpg 768w, https:\/\/sjolinsgymnasium.se\/wp-content\/uploads\/2025\/08\/educating-talentsmoana.jpg 900w\" \/>\n\t\t\t\t\t<\/div>\n\t\t\t\t<\/article>\n\t\t\t<\/li>\n\t\t\t\t\t\t\t\t\t\t\t\t\t\t\t\t\t\n\t\t\t\n\t\t\t\n\t\t\t<li class=\"l-col-6@md l-col-4@lg \" data-filter=\"nyheter juni-2025\">\n\t\t\t\t<article class=\"c-card  has-media-zoom  \" data-variant=\"border\" data-style=\"square\" data-click-area>\n\t\t\t\t\t<div class=\"c-card__content l-stack l-stack-sm\">\n\n\t\t\t\t\t\t\t\t\t\t\t\t\t<time class=\"c-card__date u-font-small\" datetime=\"2025-06-02\">2 juni 2025<\/time>\n\t\t\t\t\t\t\n\t\t\t\t\t\t\t\t\t\t\t\t\t<h3 class=\"c-card__title u-font-title-3\">\n\t\t\t\t\t\t\t\t\t\t\t\t\t\t\t\t\t<a class=\"c-card__link\" href=\"https:\/\/sjolinsgymnasium.se\/goteborg\/nyheter\/lokal\/basta-tipsen-infor-oppet-hus\">\n\t\t\t\t\t\t\t\t\t\tB\u00e4sta tipsen inf\u00f6r \u00d6ppet hus!\n\t\t\t\t\t\t\t\t\t<\/a>\n\t\t\t\t\t\t\t\t\t\t\t\t\t\t\t<\/h3>\n\t\t\t\t\t\t\n\t\t\t\t\t\t\t\t\t\t\t\t\t<p class=\"c-card__text l-stack-xs u-font-body\">\n\t\t\t\t\t\t\t\tAtt v\u00e4lja gymnasium kan vara ett stort och sv\u00e5rt beslut \u2013 men du beh\u00f6ver inte g\u00f6ra det i blindo. Vi listar v\u00e5ra b\u00e4sta tips inf\u00f6r \u00d6ppet hus! \n\t\t\t\t\t\t\t<\/p>\n\t\t\t\t\t\t\n\t\t\t\t\t\t\t\t\t\t\t\t\t<ul class=\"c-card__tags l-stack-grow u-list-none u-pt-md\" aria-label=\"Kategorier\">\n\t\t\t\t\t\t\t\t\t\t\t\t\t\t\t\t\t<li><span class=\"c-tag\" data-variant=\"outline\">Nyheter<\/span><\/li>\n\t\t\t\t\t\t\t\t\t\t\t\t\t\t\t<\/ul>\n\t\t\t\t\t\t\n\t\t\t\t\t\t<div class=\"c-card__icon\">\n\t\t\t\t\t\t\t\t\t\t\t\t\t\t<svg class=\"ams-icon ams-icon--arrow-right\" width=\"32\" height=\"32\" viewbox=\"0 0 32 32\" fill=\"currentColor\" aria-hidden=\"true\" xmlns=\"http:\/\/www.w3.org\/2000\/svg\">\n\t\t\t\t\t\t\t\t\t\t\t\t\t\t\t\t<path d=\"M15.4617 0.252159L14.9567 0.75931C14.6219 1.09545 14.6219 1.64048 14.9567 1.97669L27.7062 14.7806H0.857144C0.383786 14.7806 0 15.166 0 15.6414V16.3587C0 16.8341 0.383786 17.2195 0.857144 17.2195H27.7062L14.9567 30.0234C14.6219 30.3595 14.6219 30.9045 14.9567 31.2407L15.4617 31.7479C15.7964 32.084 16.3392 32.084 16.6739 31.7479L31.749 16.6087C32.0837 16.2725 32.0837 15.7275 31.749 15.3913L16.6739 0.252159C16.3392 -0.084053 15.7964 -0.084053 15.4617 0.252159Z\"\/>\n\t\t\t\t\t\t\t\n\t\t\t\t\t\t\t<\/svg>\n\t\t\t\t\t\t<\/div>\n\t\t\t\t\t<\/div>\n\n\t\t\t\t\t<div class=\"c-card__media \" style=\" \">\n\t\t\t\t\t\t<img decoding=\"async\" width=\"400\" height=\"267\" src=\"https:\/\/sjolinsgymnasium.se\/wp-content\/uploads\/2023\/07\/kopia-av-gfkt3041-scaled-400x267.jpg\" class=\"attachment-sm size-sm\" alt=\"Fyra elever g\u00e5r i en trappa utanf\u00f6r Campus Vasastan.\" sizes=\"(min-width: 64em) 300px, (min-width: 48em) calc(.50 * (100vw - 224px)), calc(100vw - 160px)\" srcset=\"https:\/\/sjolinsgymnasium.se\/wp-content\/uploads\/2023\/07\/kopia-av-gfkt3041-scaled-400x267.jpg 400w, https:\/\/sjolinsgymnasium.se\/wp-content\/uploads\/2023\/07\/kopia-av-gfkt3041-scaled-300x200.jpg 300w, https:\/\/sjolinsgymnasium.se\/wp-content\/uploads\/2023\/07\/kopia-av-gfkt3041-scaled-600x400.jpg 600w, https:\/\/sjolinsgymnasium.se\/wp-content\/uploads\/2023\/07\/kopia-av-gfkt3041-scaled-800x533.jpg 800w, https:\/\/sjolinsgymnasium.se\/wp-content\/uploads\/2023\/07\/kopia-av-gfkt3041-scaled-1024x683.jpg 1024w, https:\/\/sjolinsgymnasium.se\/wp-content\/uploads\/2023\/07\/kopia-av-gfkt3041-scaled-1200x800.jpg 1200w\" \/>\n\t\t\t\t\t<\/div>\n\t\t\t\t<\/article>\n\t\t\t<\/li>\n\t\t\t\t\t\t\t\t\t\t\t\t\t\t\t\t\t\n\t\t\t\n\t\t\t\n\t\t\t<li class=\"l-col-6@md l-col-4@lg \" data-filter=\"nyheter februari-2025\">\n\t\t\t\t<article class=\"c-card  has-media-zoom  \" data-variant=\"border\" data-style=\"square\" data-click-area>\n\t\t\t\t\t<div class=\"c-card__content l-stack l-stack-sm\">\n\n\t\t\t\t\t\t\t\t\t\t\t\t\t<time class=\"c-card__date u-font-small\" datetime=\"2025-02-07\">7 februari 2025<\/time>\n\t\t\t\t\t\t\n\t\t\t\t\t\t\t\t\t\t\t\t\t<h3 class=\"c-card__title u-font-title-3\">\n\t\t\t\t\t\t\t\t\t\t\t\t\t\t\t\t\t<a class=\"c-card__link\" href=\"https:\/\/sjolinsgymnasium.se\/goteborg\/nyheter\/lokal\/sjolins-casemetodik-gor-avtryck-i-europa\">\n\t\t\t\t\t\t\t\t\t\tV\u00e5r casemetodik g\u00f6r avtryck i Europa\n\t\t\t\t\t\t\t\t\t<\/a>\n\t\t\t\t\t\t\t\t\t\t\t\t\t\t\t<\/h3>\n\t\t\t\t\t\t\n\t\t\t\t\t\t\t\t\t\t\t\t\t<p class=\"c-card__text l-stack-xs u-font-body\">\n\t\t\t\t\t\t\t\tSj\u00f6lins casemetodik v\u00e4ckte stort intresse bland europeiska skolor \u2013 s\u00e5 pass att l\u00e4rarna valde att te&#8230;\n\t\t\t\t\t\t\t<\/p>\n\t\t\t\t\t\t\n\t\t\t\t\t\t\t\t\t\t\t\t\t<ul class=\"c-card__tags l-stack-grow u-list-none u-pt-md\" aria-label=\"Kategorier\">\n\t\t\t\t\t\t\t\t\t\t\t\t\t\t\t\t\t<li><span class=\"c-tag\" data-variant=\"outline\">Nyheter<\/span><\/li>\n\t\t\t\t\t\t\t\t\t\t\t\t\t\t\t<\/ul>\n\t\t\t\t\t\t\n\t\t\t\t\t\t<div class=\"c-card__icon\">\n\t\t\t\t\t\t\t\t\t\t\t\t\t\t<svg class=\"ams-icon ams-icon--arrow-right\" width=\"32\" height=\"32\" viewbox=\"0 0 32 32\" fill=\"currentColor\" aria-hidden=\"true\" xmlns=\"http:\/\/www.w3.org\/2000\/svg\">\n\t\t\t\t\t\t\t\t\t\t\t\t\t\t\t\t<path d=\"M15.4617 0.252159L14.9567 0.75931C14.6219 1.09545 14.6219 1.64048 14.9567 1.97669L27.7062 14.7806H0.857144C0.383786 14.7806 0 15.166 0 15.6414V16.3587C0 16.8341 0.383786 17.2195 0.857144 17.2195H27.7062L14.9567 30.0234C14.6219 30.3595 14.6219 30.9045 14.9567 31.2407L15.4617 31.7479C15.7964 32.084 16.3392 32.084 16.6739 31.7479L31.749 16.6087C32.0837 16.2725 32.0837 15.7275 31.749 15.3913L16.6739 0.252159C16.3392 -0.084053 15.7964 -0.084053 15.4617 0.252159Z\"\/>\n\t\t\t\t\t\t\t\n\t\t\t\t\t\t\t<\/svg>\n\t\t\t\t\t\t<\/div>\n\t\t\t\t\t<\/div>\n\n\t\t\t\t\t<div class=\"c-card__media \" style=\" \">\n\t\t\t\t\t\t<img decoding=\"async\" width=\"400\" height=\"267\" src=\"https:\/\/sjolinsgymnasium.se\/wp-content\/uploads\/2023\/06\/sjolinssodermalm202303202803web29-400x267.jpg\" class=\"attachment-sm size-sm\" alt=\"Elever i ett klassrum som r\u00e4cker upp handen.\" sizes=\"(min-width: 64em) 300px, (min-width: 48em) calc(.50 * (100vw - 224px)), calc(100vw - 160px)\" srcset=\"https:\/\/sjolinsgymnasium.se\/wp-content\/uploads\/2023\/06\/sjolinssodermalm202303202803web29-400x267.jpg 400w, https:\/\/sjolinsgymnasium.se\/wp-content\/uploads\/2023\/06\/sjolinssodermalm202303202803web29-300x200.jpg 300w, https:\/\/sjolinsgymnasium.se\/wp-content\/uploads\/2023\/06\/sjolinssodermalm202303202803web29-600x400.jpg 600w, https:\/\/sjolinsgymnasium.se\/wp-content\/uploads\/2023\/06\/sjolinssodermalm202303202803web29-800x533.jpg 800w, https:\/\/sjolinsgymnasium.se\/wp-content\/uploads\/2023\/06\/sjolinssodermalm202303202803web29-1024x683.jpg 1024w, https:\/\/sjolinsgymnasium.se\/wp-content\/uploads\/2023\/06\/sjolinssodermalm202303202803web29-1200x800.jpg 1200w, https:\/\/sjolinsgymnasium.se\/wp-content\/uploads\/2023\/06\/sjolinssodermalm202303202803web29.jpg 2048w\" \/>\n\t\t\t\t\t<\/div>\n\t\t\t\t<\/article>\n\t\t\t<\/li>\n\t\t\t\t\t\t\t\t\t\t\t\t\t\t\t\t\t\n\t\t\t\n\t\t\t\n\t\t\t<li class=\"l-col-6@md l-col-4@lg \" data-filter=\"nyheter januari-2024\">\n\t\t\t\t<article class=\"c-card  has-media-zoom  \" data-variant=\"border\" data-style=\"square\" data-click-area>\n\t\t\t\t\t<div class=\"c-card__content l-stack l-stack-sm\">\n\n\t\t\t\t\t\t\t\t\t\t\t\t\t<time class=\"c-card__date u-font-small\" datetime=\"2024-01-05\">5 januari 2024<\/time>\n\t\t\t\t\t\t\n\t\t\t\t\t\t\t\t\t\t\t\t\t<h3 class=\"c-card__title u-font-title-3\">\n\t\t\t\t\t\t\t\t\t\t\t\t\t\t\t\t\t<a class=\"c-card__link\" href=\"https:\/\/sjolinsgymnasium.se\/goteborg\/nyheter\/antagningen-har-oppnat\/\">\n\t\t\t\t\t\t\t\t\t\tAntagningen \u00e4r \u00f6ppen!\n\t\t\t\t\t\t\t\t\t<\/a>\n\t\t\t\t\t\t\t\t\t\t\t\t\t\t\t<\/h3>\n\t\t\t\t\t\t\n\t\t\t\t\t\t\t\t\t\t\t\t\t<p class=\"c-card__text l-stack-xs u-font-body\">\n\t\t\t\t\t\t\t\tGymnasieantagningen f\u00f6r elever har \u00f6ppnat i din kommun. L\u00e4s mer om vik&#8230;\n\t\t\t\t\t\t\t<\/p>\n\t\t\t\t\t\t\n\t\t\t\t\t\t\t\t\t\t\t\t\t<ul class=\"c-card__tags l-stack-grow u-list-none u-pt-md\" aria-label=\"Kategorier\">\n\t\t\t\t\t\t\t\t\t\t\t\t\t\t\t\t\t<li><span class=\"c-tag\" data-variant=\"outline\">Nyheter<\/span><\/li>\n\t\t\t\t\t\t\t\t\t\t\t\t\t\t\t<\/ul>\n\t\t\t\t\t\t\n\t\t\t\t\t\t<div class=\"c-card__icon\">\n\t\t\t\t\t\t\t\t\t\t\t\t\t\t<svg class=\"ams-icon ams-icon--arrow-right\" width=\"32\" height=\"32\" viewbox=\"0 0 32 32\" fill=\"currentColor\" aria-hidden=\"true\" xmlns=\"http:\/\/www.w3.org\/2000\/svg\">\n\t\t\t\t\t\t\t\t\t\t\t\t\t\t\t\t<path d=\"M15.4617 0.252159L14.9567 0.75931C14.6219 1.09545 14.6219 1.64048 14.9567 1.97669L27.7062 14.7806H0.857144C0.383786 14.7806 0 15.166 0 15.6414V16.3587C0 16.8341 0.383786 17.2195 0.857144 17.2195H27.7062L14.9567 30.0234C14.6219 30.3595 14.6219 30.9045 14.9567 31.2407L15.4617 31.7479C15.7964 32.084 16.3392 32.084 16.6739 31.7479L31.749 16.6087C32.0837 16.2725 32.0837 15.7275 31.749 15.3913L16.6739 0.252159C16.3392 -0.084053 15.7964 -0.084053 15.4617 0.252159Z\"\/>\n\t\t\t\t\t\t\t\n\t\t\t\t\t\t\t<\/svg>\n\t\t\t\t\t\t<\/div>\n\t\t\t\t\t<\/div>\n\n\t\t\t\t\t<div class=\"c-card__media \" style=\" \">\n\t\t\t\t\t\t<img decoding=\"async\" width=\"400\" height=\"267\" src=\"https:\/\/sjolinsgymnasium.se\/wp-content\/uploads\/sites\/3\/2023\/07\/i0a2149-400x267.jpg\" class=\"attachment-sm size-sm\" alt=\"Flera elever med sina datorer i skolans gemensamma lokaler\" sizes=\"(min-width: 64em) 300px, (min-width: 48em) calc(.50 * (100vw - 224px)), calc(100vw - 160px)\" srcset=\"https:\/\/sjolinsgymnasium.se\/wp-content\/uploads\/sites\/3\/2023\/07\/i0a2149-400x267.jpg 400w, https:\/\/sjolinsgymnasium.se\/wp-content\/uploads\/sites\/3\/2023\/07\/i0a2149-300x200.jpg 300w, https:\/\/sjolinsgymnasium.se\/wp-content\/uploads\/sites\/3\/2023\/07\/i0a2149-600x400.jpg 600w, https:\/\/sjolinsgymnasium.se\/wp-content\/uploads\/sites\/3\/2023\/07\/i0a2149-800x534.jpg 800w, https:\/\/sjolinsgymnasium.se\/wp-content\/uploads\/sites\/3\/2023\/07\/i0a2149-1024x683.jpg 1024w, https:\/\/sjolinsgymnasium.se\/wp-content\/uploads\/sites\/3\/2023\/07\/i0a2149-1200x801.jpg 1200w\" \/>\n\t\t\t\t\t<\/div>\n\t\t\t\t<\/article>\n\t\t\t<\/li>\n\t\t\t\t\t\t\t\t\t\t\t\t\t\t\t\t\t\n\t\t\t\n\t\t\t\n\t\t\t<li class=\"l-col-6@md l-col-4@lg \" data-filter=\"nyheter oktober-2023\">\n\t\t\t\t<article class=\"c-card  has-media-zoom  \" data-variant=\"border\" data-style=\"square\" data-click-area>\n\t\t\t\t\t<div class=\"c-card__content l-stack l-stack-sm\">\n\n\t\t\t\t\t\t\t\t\t\t\t\t\t<time class=\"c-card__date u-font-small\" datetime=\"2023-10-11\">11 oktober 2023<\/time>\n\t\t\t\t\t\t\n\t\t\t\t\t\t\t\t\t\t\t\t\t<h3 class=\"c-card__title u-font-title-3\">\n\t\t\t\t\t\t\t\t\t\t\t\t\t\t\t\t\t<a class=\"c-card__link\" href=\"https:\/\/sjolinsgymnasium.se\/goteborg\/nyheter\/lokal\/besok-fran-usa\">\n\t\t\t\t\t\t\t\t\t\tBes\u00f6k fr\u00e5n USA&#8230;\n\t\t\t\t\t\t\t\t\t<\/a>\n\t\t\t\t\t\t\t\t\t\t\t\t\t\t\t<\/h3>\n\t\t\t\t\t\t\n\t\t\t\t\t\t\t\t\t\t\t\t\t<p class=\"c-card__text l-stack-xs u-font-body\">\n\t\t\t\t\t\t\t\tProfessor Alexandra Sedlovskaya bes\u00f6kte Sj\u00f6lins skolor i Stockholm under augusti&#8230;\n\t\t\t\t\t\t\t<\/p>\n\t\t\t\t\t\t\n\t\t\t\t\t\t\t\t\t\t\t\t\t<ul class=\"c-card__tags l-stack-grow u-list-none u-pt-md\" aria-label=\"Kategorier\">\n\t\t\t\t\t\t\t\t\t\t\t\t\t\t\t\t\t<li><span class=\"c-tag\" data-variant=\"outline\">Nyheter<\/span><\/li>\n\t\t\t\t\t\t\t\t\t\t\t\t\t\t\t<\/ul>\n\t\t\t\t\t\t\n\t\t\t\t\t\t<div class=\"c-card__icon\">\n\t\t\t\t\t\t\t\t\t\t\t\t\t\t<svg class=\"ams-icon ams-icon--arrow-right\" width=\"32\" height=\"32\" viewbox=\"0 0 32 32\" fill=\"currentColor\" aria-hidden=\"true\" xmlns=\"http:\/\/www.w3.org\/2000\/svg\">\n\t\t\t\t\t\t\t\t\t\t\t\t\t\t\t\t<path d=\"M15.4617 0.252159L14.9567 0.75931C14.6219 1.09545 14.6219 1.64048 14.9567 1.97669L27.7062 14.7806H0.857144C0.383786 14.7806 0 15.166 0 15.6414V16.3587C0 16.8341 0.383786 17.2195 0.857144 17.2195H27.7062L14.9567 30.0234C14.6219 30.3595 14.6219 30.9045 14.9567 31.2407L15.4617 31.7479C15.7964 32.084 16.3392 32.084 16.6739 31.7479L31.749 16.6087C32.0837 16.2725 32.0837 15.7275 31.749 15.3913L16.6739 0.252159C16.3392 -0.084053 15.7964 -0.084053 15.4617 0.252159Z\"\/>\n\t\t\t\t\t\t\t\n\t\t\t\t\t\t\t<\/svg>\n\t\t\t\t\t\t<\/div>\n\t\t\t\t\t<\/div>\n\n\t\t\t\t\t<div class=\"c-card__media \" style=\" \">\n\t\t\t\t\t\t<img decoding=\"async\" width=\"400\" height=\"267\" src=\"https:\/\/sjolinsgymnasium.se\/wp-content\/uploads\/2023\/08\/kopia-av-i0a1711-400x267.jpg\" class=\"attachment-sm size-sm\" alt=\"Tv\u00e5 elever sitter i ett klassrum och studerar.\" sizes=\"(min-width: 64em) 300px, (min-width: 48em) calc(.50 * (100vw - 224px)), calc(100vw - 160px)\" srcset=\"https:\/\/sjolinsgymnasium.se\/wp-content\/uploads\/2023\/08\/kopia-av-i0a1711-400x267.jpg 400w, https:\/\/sjolinsgymnasium.se\/wp-content\/uploads\/2023\/08\/kopia-av-i0a1711-300x200.jpg 300w, https:\/\/sjolinsgymnasium.se\/wp-content\/uploads\/2023\/08\/kopia-av-i0a1711-600x400.jpg 600w, https:\/\/sjolinsgymnasium.se\/wp-content\/uploads\/2023\/08\/kopia-av-i0a1711-800x533.jpg 800w, https:\/\/sjolinsgymnasium.se\/wp-content\/uploads\/2023\/08\/kopia-av-i0a1711-1024x683.jpg 1024w, https:\/\/sjolinsgymnasium.se\/wp-content\/uploads\/2023\/08\/kopia-av-i0a1711-1200x800.jpg 1200w\" \/>\n\t\t\t\t\t<\/div>\n\t\t\t\t<\/article>\n\t\t\t<\/li>\n\t\t\t\t\t\t\t\t\t\t\t\t\t\t\t\t\t\n\t\t\t\n\t\t\t\n\t\t\t<li class=\"l-col-6@md l-col-4@lg \" data-filter=\"nyheter juni-2023\">\n\t\t\t\t<article class=\"c-card  has-media-zoom  \" data-variant=\"border\" data-style=\"square\" data-click-area>\n\t\t\t\t\t<div class=\"c-card__content l-stack l-stack-sm\">\n\n\t\t\t\t\t\t\t\t\t\t\t\t\t<time class=\"c-card__date u-font-small\" datetime=\"2023-06-21\">21 juni 2023<\/time>\n\t\t\t\t\t\t\n\t\t\t\t\t\t\t\t\t\t\t\t\t<h3 class=\"c-card__title u-font-title-3\">\n\t\t\t\t\t\t\t\t\t\t\t\t\t\t\t\t\t<a class=\"c-card__link\" href=\"https:\/\/sjolinsgymnasium.se\/goteborg\/nyheter\/lokal\/tipsen-som-kan-hjalpa-dig-med-ditt-gymnasieval\">\n\t\t\t\t\t\t\t\t\t\tTipsen som kan hj\u00e4lpa dig med ditt gymnasieval\n\t\t\t\t\t\t\t\t\t<\/a>\n\t\t\t\t\t\t\t\t\t\t\t\t\t\t\t<\/h3>\n\t\t\t\t\t\t\n\t\t\t\t\t\t\t\t\t\t\t\t\t<p class=\"c-card__text l-stack-xs u-font-body\">\n\t\t\t\t\t\t\t\tH\u00e4r finns nyttiga tips inf\u00f6r ditt gymnasieval\n\t\t\t\t\t\t\t<\/p>\n\t\t\t\t\t\t\n\t\t\t\t\t\t\t\t\t\t\t\t\t<ul class=\"c-card__tags l-stack-grow u-list-none u-pt-md\" aria-label=\"Kategorier\">\n\t\t\t\t\t\t\t\t\t\t\t\t\t\t\t\t\t<li><span class=\"c-tag\" data-variant=\"outline\">Nyheter<\/span><\/li>\n\t\t\t\t\t\t\t\t\t\t\t\t\t\t\t<\/ul>\n\t\t\t\t\t\t\n\t\t\t\t\t\t<div class=\"c-card__icon\">\n\t\t\t\t\t\t\t\t\t\t\t\t\t\t<svg class=\"ams-icon ams-icon--arrow-right\" width=\"32\" height=\"32\" viewbox=\"0 0 32 32\" fill=\"currentColor\" aria-hidden=\"true\" xmlns=\"http:\/\/www.w3.org\/2000\/svg\">\n\t\t\t\t\t\t\t\t\t\t\t\t\t\t\t\t<path d=\"M15.4617 0.252159L14.9567 0.75931C14.6219 1.09545 14.6219 1.64048 14.9567 1.97669L27.7062 14.7806H0.857144C0.383786 14.7806 0 15.166 0 15.6414V16.3587C0 16.8341 0.383786 17.2195 0.857144 17.2195H27.7062L14.9567 30.0234C14.6219 30.3595 14.6219 30.9045 14.9567 31.2407L15.4617 31.7479C15.7964 32.084 16.3392 32.084 16.6739 31.7479L31.749 16.6087C32.0837 16.2725 32.0837 15.7275 31.749 15.3913L16.6739 0.252159C16.3392 -0.084053 15.7964 -0.084053 15.4617 0.252159Z\"\/>\n\t\t\t\t\t\t\t\n\t\t\t\t\t\t\t<\/svg>\n\t\t\t\t\t\t<\/div>\n\t\t\t\t\t<\/div>\n\n\t\t\t\t\t<div class=\"c-card__media \" style=\" \">\n\t\t\t\t\t\t<img decoding=\"async\" width=\"400\" height=\"267\" src=\"https:\/\/sjolinsgymnasium.se\/wp-content\/uploads\/2023\/03\/vara-kvalitetsresultat-3-400x267.jpg\" class=\"attachment-sm size-sm\" alt=\"Tv\u00e5 elever jobbar med en dator.\" sizes=\"(min-width: 64em) 300px, (min-width: 48em) calc(.50 * (100vw - 224px)), calc(100vw - 160px)\" srcset=\"https:\/\/sjolinsgymnasium.se\/wp-content\/uploads\/2023\/03\/vara-kvalitetsresultat-3-400x267.jpg 400w, https:\/\/sjolinsgymnasium.se\/wp-content\/uploads\/2023\/03\/vara-kvalitetsresultat-3-300x200.jpg 300w, https:\/\/sjolinsgymnasium.se\/wp-content\/uploads\/2023\/03\/vara-kvalitetsresultat-3-600x400.jpg 600w, https:\/\/sjolinsgymnasium.se\/wp-content\/uploads\/2023\/03\/vara-kvalitetsresultat-3-800x533.jpg 800w, https:\/\/sjolinsgymnasium.se\/wp-content\/uploads\/2023\/03\/vara-kvalitetsresultat-3-1024x683.jpg 1024w, https:\/\/sjolinsgymnasium.se\/wp-content\/uploads\/2023\/03\/vara-kvalitetsresultat-3-1200x800.jpg 1200w\" \/>\n\t\t\t\t\t<\/div>\n\t\t\t\t<\/article>\n\t\t\t<\/li>\n\t\t\t<\/ul>\n\n\t<div class=\"no-results u-mt-0 u-hide\" data-filter-fallback-id=\"ams-article-list-69f3688d79bc5\">\n\t<p>Det finns inga resultat som matchar din filtrering.<\/p>\n<\/div>\n\n\t    <div class=\"ams-article__more u-inline-items js-load-more-btn\">\n        <button href=\"#\"\n                class=\"c-btn\"\n                data-style=\"round\"\n                data-size=\"md\"\n                data-width=\"full-mobile\"\n                data-variant=\"outline\">\n        \tVisa fler resultat\n        <\/button>\n    <\/div>\n\n\n\t\t\n\t\t\t<div class=\"ams-article__action u-inline-items\">\n\t\t\t\t\t\t\t\n\n\n<a href=\"https:\/\/sjolinsgymnasium.se\/nyheter\/\"\n\t\n\tclass=\"c-btn \"\n\tdata-style=\"round\"\n\tdata-size=\"md\"\n\tdata-width=\"full-mobile\"\n\tdata-variant=\"default\"\n\ttarget=\"_self\">\n\t\t\t<span class=\"label\"> Se alla nyheter<\/span>\n\t\t\t<\/a>\n\t\t\t<\/div>\n\t<\/div>\n\n\t\t\n\n<\/section>\n","protected":false},"template":"","article_category":[5],"yoast_head":"<!-- This site is optimized with the Yoast SEO plugin v22.0 - https:\/\/yoast.com\/wordpress\/plugins\/seo\/ -->\n<title>Antagningen har \u00f6ppnat! - Sj\u00f6lins Gymnasium G\u00f6teborg<\/title>\n<meta name=\"description\" content=\"B\u00f6rjar du gymnasiet i h\u00f6st? L\u00e4s mer om viktiga datum kopplat till gymnasievalet i G\u00f6teborg och hur det \u00e4r att g\u00e5 p\u00e5 Sj\u00f6lins h\u00e4r.\" \/>\n<meta name=\"robots\" content=\"index, follow, max-snippet:-1, max-image-preview:large, max-video-preview:-1\" \/>\n<link rel=\"canonical\" href=\"https:\/\/sjolinsgymnasium.se\/goteborg\/nyheter\/antagningen-har-oppnat\/\" \/>\n<meta property=\"og:locale\" content=\"sv_SE\" \/>\n<meta property=\"og:type\" content=\"article\" \/>\n<meta property=\"og:title\" content=\"Antagningen har \u00f6ppnat! - Sj\u00f6lins Gymnasium G\u00f6teborg\" \/>\n<meta property=\"og:description\" content=\"B\u00f6rjar du gymnasiet i h\u00f6st? L\u00e4s mer om viktiga datum kopplat till gymnasievalet i G\u00f6teborg och hur det \u00e4r att g\u00e5 p\u00e5 Sj\u00f6lins h\u00e4r.\" \/>\n<meta property=\"og:url\" content=\"https:\/\/sjolinsgymnasium.se\/goteborg\/nyheter\/antagningen-har-oppnat\/\" \/>\n<meta property=\"og:site_name\" content=\"G\u00f6teborg\" \/>\n<meta property=\"article:modified_time\" content=\"2024-01-19T08:18:59+00:00\" \/>\n<meta name=\"twitter:card\" content=\"summary_large_image\" \/>\n<meta name=\"twitter:title\" content=\"Antagningen har \u00f6ppnat! - Sj\u00f6lins Gymnasium G\u00f6teborg\" \/>\n<meta name=\"twitter:description\" content=\"B\u00f6rjar du gymnasiet i h\u00f6st? L\u00e4s mer om viktiga datum kopplat till gymnasievalet i G\u00f6teborg och hur det \u00e4r att g\u00e5 p\u00e5 Sj\u00f6lins h\u00e4r.\" \/>\n<meta name=\"twitter:image\" content=\"https:\/\/sjolinsgymnasium.se\/wp-content\/uploads\/sites\/3\/2023\/07\/i0a2149-1200x630.jpg\" \/>\n<meta name=\"twitter:label1\" content=\"Est. reading time\" \/>\n\t<meta name=\"twitter:data1\" content=\"1 minut\" \/>\n<script type=\"application\/ld+json\" class=\"yoast-schema-graph\">{\"@context\":\"https:\/\/schema.org\",\"@graph\":[{\"@type\":\"WebPage\",\"@id\":\"https:\/\/sjolinsgymnasium.se\/goteborg\/nyheter\/antagningen-har-oppnat\/\",\"url\":\"https:\/\/sjolinsgymnasium.se\/goteborg\/nyheter\/antagningen-har-oppnat\/\",\"name\":\"Antagningen har \u00f6ppnat! - Sj\u00f6lins Gymnasium G\u00f6teborg\",\"isPartOf\":{\"@id\":\"https:\/\/sjolinsgymnasium.se\/goteborg\/#website\"},\"datePublished\":\"2024-01-05T08:30:30+00:00\",\"dateModified\":\"2024-01-19T08:18:59+00:00\",\"description\":\"B\u00f6rjar du gymnasiet i h\u00f6st? L\u00e4s mer om viktiga datum kopplat till gymnasievalet i G\u00f6teborg och hur det \u00e4r att g\u00e5 p\u00e5 Sj\u00f6lins h\u00e4r.\",\"breadcrumb\":{\"@id\":\"https:\/\/sjolinsgymnasium.se\/goteborg\/nyheter\/antagningen-har-oppnat\/#breadcrumb\"},\"inLanguage\":\"sv-SE\",\"potentialAction\":[{\"@type\":\"ReadAction\",\"target\":[\"https:\/\/sjolinsgymnasium.se\/goteborg\/nyheter\/antagningen-har-oppnat\/\"]}]},{\"@type\":\"BreadcrumbList\",\"@id\":\"https:\/\/sjolinsgymnasium.se\/goteborg\/nyheter\/antagningen-har-oppnat\/#breadcrumb\",\"itemListElement\":[{\"@type\":\"ListItem\",\"position\":1,\"name\":\"Start\",\"item\":\"https:\/\/sjolinsgymnasium.se\/goteborg\"},{\"@type\":\"ListItem\",\"position\":2,\"name\":\"Nyheter\"}]},{\"@type\":\"WebSite\",\"@id\":\"https:\/\/sjolinsgymnasium.se\/goteborg\/#website\",\"url\":\"https:\/\/sjolinsgymnasium.se\/goteborg\/\",\"name\":\"G\u00f6teborg\",\"description\":\"V\u00e4lkommen till Sj\u00f6lins gymnasium i centrala G\u00f6teborg\",\"potentialAction\":[{\"@type\":\"SearchAction\",\"target\":{\"@type\":\"EntryPoint\",\"urlTemplate\":\"https:\/\/sjolinsgymnasium.se\/goteborg\/?s={search_term_string}\"},\"query-input\":\"required name=search_term_string\"}],\"inLanguage\":\"sv-SE\"}]}<\/script>\n<!-- \/ Yoast SEO plugin. -->","yoast_head_json":{"title":"Antagningen har \u00f6ppnat! - Sj\u00f6lins Gymnasium G\u00f6teborg","description":"B\u00f6rjar du gymnasiet i h\u00f6st? L\u00e4s mer om viktiga datum kopplat till gymnasievalet i G\u00f6teborg och hur det \u00e4r att g\u00e5 p\u00e5 Sj\u00f6lins h\u00e4r.","robots":{"index":"index","follow":"follow","max-snippet":"max-snippet:-1","max-image-preview":"max-image-preview:large","max-video-preview":"max-video-preview:-1"},"canonical":"https:\/\/sjolinsgymnasium.se\/goteborg\/nyheter\/antagningen-har-oppnat\/","og_locale":"sv_SE","og_type":"article","og_title":"Antagningen har \u00f6ppnat! - Sj\u00f6lins Gymnasium G\u00f6teborg","og_description":"B\u00f6rjar du gymnasiet i h\u00f6st? L\u00e4s mer om viktiga datum kopplat till gymnasievalet i G\u00f6teborg och hur det \u00e4r att g\u00e5 p\u00e5 Sj\u00f6lins h\u00e4r.","og_url":"https:\/\/sjolinsgymnasium.se\/goteborg\/nyheter\/antagningen-har-oppnat\/","og_site_name":"G\u00f6teborg","article_modified_time":"2024-01-19T08:18:59+00:00","twitter_card":"summary_large_image","twitter_title":"Antagningen har \u00f6ppnat! - Sj\u00f6lins Gymnasium G\u00f6teborg","twitter_description":"B\u00f6rjar du gymnasiet i h\u00f6st? L\u00e4s mer om viktiga datum kopplat till gymnasievalet i G\u00f6teborg och hur det \u00e4r att g\u00e5 p\u00e5 Sj\u00f6lins h\u00e4r.","twitter_image":"https:\/\/sjolinsgymnasium.se\/wp-content\/uploads\/sites\/3\/2023\/07\/i0a2149-1200x630.jpg","twitter_misc":{"Est. reading time":"1 minut"},"schema":{"@context":"https:\/\/schema.org","@graph":[{"@type":"WebPage","@id":"https:\/\/sjolinsgymnasium.se\/goteborg\/nyheter\/antagningen-har-oppnat\/","url":"https:\/\/sjolinsgymnasium.se\/goteborg\/nyheter\/antagningen-har-oppnat\/","name":"Antagningen har \u00f6ppnat! - Sj\u00f6lins Gymnasium G\u00f6teborg","isPartOf":{"@id":"https:\/\/sjolinsgymnasium.se\/goteborg\/#website"},"datePublished":"2024-01-05T08:30:30+00:00","dateModified":"2024-01-19T08:18:59+00:00","description":"B\u00f6rjar du gymnasiet i h\u00f6st? L\u00e4s mer om viktiga datum kopplat till gymnasievalet i G\u00f6teborg och hur det \u00e4r att g\u00e5 p\u00e5 Sj\u00f6lins h\u00e4r.","breadcrumb":{"@id":"https:\/\/sjolinsgymnasium.se\/goteborg\/nyheter\/antagningen-har-oppnat\/#breadcrumb"},"inLanguage":"sv-SE","potentialAction":[{"@type":"ReadAction","target":["https:\/\/sjolinsgymnasium.se\/goteborg\/nyheter\/antagningen-har-oppnat\/"]}]},{"@type":"BreadcrumbList","@id":"https:\/\/sjolinsgymnasium.se\/goteborg\/nyheter\/antagningen-har-oppnat\/#breadcrumb","itemListElement":[{"@type":"ListItem","position":1,"name":"Start","item":"https:\/\/sjolinsgymnasium.se\/goteborg"},{"@type":"ListItem","position":2,"name":"Nyheter"}]},{"@type":"WebSite","@id":"https:\/\/sjolinsgymnasium.se\/goteborg\/#website","url":"https:\/\/sjolinsgymnasium.se\/goteborg\/","name":"G\u00f6teborg","description":"V\u00e4lkommen till Sj\u00f6lins gymnasium i centrala G\u00f6teborg","potentialAction":[{"@type":"SearchAction","target":{"@type":"EntryPoint","urlTemplate":"https:\/\/sjolinsgymnasium.se\/goteborg\/?s={search_term_string}"},"query-input":"required name=search_term_string"}],"inLanguage":"sv-SE"}]}},"_links":{"self":[{"href":"https:\/\/sjolinsgymnasium.se\/goteborg\/wp-json\/wp\/v2\/article\/2889"}],"collection":[{"href":"https:\/\/sjolinsgymnasium.se\/goteborg\/wp-json\/wp\/v2\/article"}],"about":[{"href":"https:\/\/sjolinsgymnasium.se\/goteborg\/wp-json\/wp\/v2\/types\/article"}],"wp:attachment":[{"href":"https:\/\/sjolinsgymnasium.se\/goteborg\/wp-json\/wp\/v2\/media?parent=2889"}],"wp:term":[{"taxonomy":"article_category","embeddable":true,"href":"https:\/\/sjolinsgymnasium.se\/goteborg\/wp-json\/wp\/v2\/article_category?post=2889"}],"curies":[{"name":"wp","href":"https:\/\/api.w.org\/{rel}","templated":true}]}}